[{"@context":"https:\/\/schema.org\/","@type":"Article","@id":"https:\/\/www.adka.sk\/synteticke-a-prirodne-farbiva-posledne-trendy-vyrobcov\/#Article","mainEntityOfPage":"https:\/\/www.adka.sk\/synteticke-a-prirodne-farbiva-posledne-trendy-vyrobcov\/","headline":"Syntetick\u00e9 a pr\u00edrodn\u00e9 farbiv\u00e1 \u2013 posledn\u00e9 trendy v\u00fdrobcov","name":"Syntetick\u00e9 a pr\u00edrodn\u00e9 farbiv\u00e1 \u2013 posledn\u00e9 trendy v\u00fdrobcov","description":"Syntetick\u00e9 farbiv\u00e1 s\u00fa adit\u00edvne l\u00e1tky, ktor\u00e9 sa prid\u00e1vaj\u00fa do potrav\u00edn za \u00fa\u010delom vylep\u0161enia ich vizu\u00e1lnych vlastnost\u00ed. Ich pou\u017eitie je striktne ur\u010den\u00e9 legislat\u00edvou, patria medzi tzv.\u201c\u00c9\u010dka\u201c\u00a0 a\u00a0ka\u017ed\u00e9 z\u00a0nich m\u00e1 svoj vlastn\u00fd E k\u00f3d. Farbiv\u00e1 sa prid\u00e1vaj\u00fa do r\u00f4znych druhov potrav\u00edn, n\u00e1jdeme ich takmer v\u0161ade. Vizu\u00e1lne l\u00e1kaj\u00fa spotrebite\u013ea, dod\u00e1vaj\u00fa produktom v\u00fdraznej\u0161iu farbu. Sta\u010d\u00ed si napr\u00edklad predstavi\u0165 jahodov\u00fd&hellip; ","datePublished":"2019-08-10","dateModified":"2019-08-10","author":{"@type":"Person","@id":"https:\/\/www.adka.sk\/author\/#Person","name":"","url":"https:\/\/www.adka.sk\/author\/","identifier":1,"image":{"@type":"ImageObject","@id":"https:\/\/secure.gravatar.com\/avatar\/06527e04354367c851b9f1915477ea92?s=96&d=mm&r=g","url":"https:\/\/secure.gravatar.com\/avatar\/06527e04354367c851b9f1915477ea92?s=96&d=mm&r=g","height":96,"width":96}},"publisher":{"@type":"Organization","name":"adka.sk","logo":{"@type":"ImageObject","@id":"\/logo.png","url":"\/logo.png","width":600,"height":60}},"image":{"@type":"ImageObject","@id":"https:\/\/www.adka.sk\/wp-content\/uploads\/img_a305525_w16859_t1567002398.jpg","url":"https:\/\/www.adka.sk\/wp-content\/uploads\/img_a305525_w16859_t1567002398.jpg","height":0,"width":0},"url":"https:\/\/www.adka.sk\/synteticke-a-prirodne-farbiva-posledne-trendy-vyrobcov\/","about":["Produkty"],"wordCount":463,"articleBody":"Syntetick\u00e9 farbiv\u00e1 s\u00fa adit\u00edvne l\u00e1tky, ktor\u00e9 sa prid\u00e1vaj\u00fa do potrav\u00edn za \u00fa\u010delom vylep\u0161enia ich vizu\u00e1lnych vlastnost\u00ed. Ich pou\u017eitie je striktne ur\u010den\u00e9 legislat\u00edvou, patria medzi tzv.\u201c\u00c9\u010dka\u201c\u00a0 a\u00a0ka\u017ed\u00e9 z\u00a0nich m\u00e1 svoj vlastn\u00fd E k\u00f3d. Farbiv\u00e1 sa prid\u00e1vaj\u00fa do r\u00f4znych druhov potrav\u00edn, n\u00e1jdeme ich takmer v\u0161ade. Vizu\u00e1lne l\u00e1kaj\u00fa spotrebite\u013ea, dod\u00e1vaj\u00fa produktom v\u00fdraznej\u0161iu farbu. Sta\u010d\u00ed si napr\u00edklad predstavi\u0165 jahodov\u00fd d\u017e\u00fas. Prifarben\u00fd syntetick\u00fdm farbivom p\u00f4sob\u00ed svie\u017eo a\u00a0zdravo, na rozdiel od pomerne nev\u00fdraznej pr\u00edrodnej farby jah\u00f4d. Nie ka\u017ed\u00e1 je \u010derven\u00e1, maj\u00fa r\u00f4zne odtiene.Odborn\u00edci poukazuj\u00fa na v\u00fdskumy, ktor\u00e9 v\u00a0poslednom obdob\u00ed prehodnotili zdraviu \u0161kodliv\u00e9 \u00fa\u010dinky synteticky vyroben\u00fdch farb\u00edv pre potravin\u00e1rsky priemysel. Na z\u00e1klade t\u00fdchto poznatkov sa prehodnotili limity pre pou\u017e\u00edvanie farb\u00edv.Na t\u00fato skuto\u010dnos\u0165 zareagovali pozit\u00edvne v\u00fdrobcovia. V\u00a0posledn\u00fdch rokoch sa objavuje trend pr\u00edrodn\u00fdch farb\u00edv, ktor\u00e9 postupne nahr\u00e1dzaj\u00fa syntetick\u00e9. Aj reklama v\u00a0\u0161t\u00fdle \u201ebio\u201c a \u201eeko\u201c pozit\u00edvne zohr\u00e1va svoju rolu. V\u00fdsledky kontroln\u00fdch org\u00e1nov takisto potvrdzuj\u00fa pozit\u00edvny trend v\u00a0pou\u017e\u00edvan\u00ed pr\u00edrodn\u00fdch farb\u00edv.Medzi \u010dasto pou\u017e\u00edvan\u00e9 farbivo patr\u00ed aj ko\u0161enila, karm\u00edn, ktor\u00e1 m\u00e1 k\u00f3d E120.\tV\u0161imnite si na obale ozna\u010denie E120Ak ho spozorujete pri kontrole obalu a\u00a0ozna\u010denia v\u00fdrobku tak si m\u00f4\u017eete by\u0165 ist\u00fd, \u017ee bolo pou\u017eit\u00e9 pr\u00edrodn\u00e9 farbivo. Je roz\u0161\u00edren\u00e9 a\u00a0popul\u00e1rne aj u\u00a0v\u00fdrobcov. Ako u\u017e samotn\u00fd n\u00e1zov karm\u00edn napoved\u00e1, jedn\u00e1 sa o\u00a0s\u00fdto \u010derven\u00fa l\u00e1tku, ktor\u00e1 sa z\u00edskava z\u00a0uhynut\u00fdch tel\u00ed\u010dok hmyzu \u017eij\u00faceho na kaktusoch. P\u00f4vod m\u00e1 v\u00a0Peru, ale nach\u00e1dza sa aj na Kan\u00e1rskych ostrovoch a\u00a0v\u00a0mnoh\u00fdch tropick\u00fdch krajin\u00e1ch. Jej v\u00fdroba je mimoriadne n\u00e1kladn\u00e1 a\u00a0preto sa do potrav\u00edn prid\u00e1va v\u00a0mal\u00fdch mno\u017estv\u00e1ch. S\u00fdty a\u00a0v\u00fdrazn\u00fd odtie\u0148 to takisto dovo\u013euje. Prid\u00e1va sa do takmer v\u0161etk\u00fdch druhov potrav\u00edn a\u00a0je bezpe\u010dnou n\u00e1hradou \u010derven\u00fdch syntetick\u00fdch farb\u00edv. Jej prid\u00e1van\u00e9 mno\u017estvo je takisto ako u\u00a0ostatn\u00fdch farb\u00edv povolen\u00e9 legislat\u00edvou.Ak vyzn\u00e1vate zdrav\u00fd \u017eivotn\u00fd \u0161t\u00fdl, je v\u017edy vhodnej\u0161ie uprednostni\u0165 v\u00fdrobky bez pridan\u00fdch farb\u00edv. Ich ozna\u010denia n\u00e1jdete na obale v\u00fdrobkov a\u00a0produktov. Mo\u017eno ne\u017eiaria tak\u00a0 ako p\u00f4vodn\u00e9 pr\u00edrodn\u00e9 produkty, ale s\u00fa ur\u010dite zdrav\u0161ie. Treba ma\u0165 v\u017edy na pam\u00e4ti, \u017ee nie v\u0161etko, \u010do je farebn\u00e9 a\u00a0l\u00e1kav\u00e9 je pre n\u00e1s aj zdrav\u00e9.                                                                                                                                                                                                                                                                                                                                                                                        4.1\/5 - (8 votes)        "},{"@context":"https:\/\/schema.org\/","@type":"BreadcrumbList","itemListElement":[{"@type":"ListItem","position":1,"name":"Syntetick\u00e9 a pr\u00edrodn\u00e9 farbiv\u00e1 \u2013 posledn\u00e9 trendy v\u00fdrobcov","item":"https:\/\/www.adka.sk\/synteticke-a-prirodne-farbiva-posledne-trendy-vyrobcov\/#breadcrumbitem"}]}]