[{"@context":"https:\/\/schema.org\/","@type":"Article","@id":"https:\/\/www.adka.sk\/zivot-si-zariadte-pola-seba-ved-je-vas\/#Article","mainEntityOfPage":"https:\/\/www.adka.sk\/zivot-si-zariadte-pola-seba-ved-je-vas\/","headline":"\u017divot si zaria\u010fte po\u013ea seba. Ve\u010f je v\u00e1\u0161","name":"\u017divot si zaria\u010fte po\u013ea seba. Ve\u010f je v\u00e1\u0161","description":"\u010co je to \u017eivotn\u00fd \u0161t\u00fdl? T\u00fato ot\u00e1zku som si polo\u017eil aj ja. \u010casto pou\u017e\u00edvan\u00e9 slov\u00e1, no ich v\u00fdznam v\u00e1m vysvetl\u00ed len m\u00e1lokto. Je to teda sp\u00f4sob stravovania, obliekania \u010di toho, \u010di m\u00e1te radi operu alebo rock? Neviem, no zamyslenie to stoj\u00ed. Pod\u013ea m\u00f4jho n\u00e1zoru, je \u00faplne jedno, ako budete svoj \u017eivotn\u00fd \u0161t\u00fdl naz\u00fdva\u0165. Hlavnej\u0161ie je,&hellip; ","datePublished":"2019-09-01","dateModified":"2019-09-01","author":{"@type":"Person","@id":"https:\/\/www.adka.sk\/author\/#Person","name":"","url":"https:\/\/www.adka.sk\/author\/","identifier":1,"image":{"@type":"ImageObject","@id":"https:\/\/secure.gravatar.com\/avatar\/06527e04354367c851b9f1915477ea92?s=96&d=mm&r=g","url":"https:\/\/secure.gravatar.com\/avatar\/06527e04354367c851b9f1915477ea92?s=96&d=mm&r=g","height":96,"width":96}},"publisher":{"@type":"Organization","name":"adka.sk","logo":{"@type":"ImageObject","@id":"\/logo.png","url":"\/logo.png","width":600,"height":60}},"image":{"@type":"ImageObject","@id":"https:\/\/www.adka.sk\/wp-content\/uploads\/img_a306683_w16859_t1569163666.jpg","url":"https:\/\/www.adka.sk\/wp-content\/uploads\/img_a306683_w16859_t1569163666.jpg","height":0,"width":0},"url":"https:\/\/www.adka.sk\/zivot-si-zariadte-pola-seba-ved-je-vas\/","about":["Lifestyle"],"wordCount":416,"articleBody":"\u010co je to \u017eivotn\u00fd \u0161t\u00fdl? T\u00fato ot\u00e1zku som si polo\u017eil aj ja. \u010casto pou\u017e\u00edvan\u00e9 slov\u00e1, no ich v\u00fdznam v\u00e1m vysvetl\u00ed len m\u00e1lokto. Je to teda sp\u00f4sob stravovania, obliekania \u010di toho, \u010di m\u00e1te radi operu alebo rock? Neviem, no zamyslenie to stoj\u00ed. Pod\u013ea m\u00f4jho n\u00e1zoru, je \u00faplne jedno, ako budete svoj \u017eivotn\u00fd \u0161t\u00fdl naz\u00fdva\u0165. Hlavnej\u0161ie je, aby ste si \u017eivot \u017eili po svojom.V\u00e1\u0161 \u017eivot, je len v\u00e1\u0161. Nevlastnia ho va\u0161i rodi\u010dia, kamar\u00e1ti a\u00a0ani partner. S\u00a0t\u00fdmito v\u0161etk\u00fdmi \u013eu\u010fmi, sa m\u00f4\u017eete o\u00a0svoj \u017eivot a\u00a0\u017eivotn\u00fd \u0161t\u00fdl, iba podeli\u0165. \u010co to pre v\u00e1s znamen\u00e1, \u017ee si svoj \u017eivot mus\u00edte zariadi\u0165 vy sami. Ak sa v\u00e1m dej\u00fa veci dobr\u00e9, m\u00f4\u017eete si za to sami. To plat\u00ed ale i\u00a0vtedy, ak sa v\u00e1m nedar\u00ed. Za to nem\u00f4\u017ee v\u00e1\u0161 otec a\u00a0ani susedia.\u00a0Filozofovan\u00edm sa asi nikam nedostaneme. Tak po\u010fme k\u00a0veci. Chcel by som v\u00e1s trochu motivova\u0165 k\u00a0tomu, aby ste chytili opraty pevne do r\u00fak a\u00a0za\u010dali \u017ei\u0165 pod\u013ea seba. Roky som sa prisp\u00f4soboval svojim rodi\u010dom a nesk\u00f4r partnerke. Svojich rodi\u010dov milujem nadov\u0161etko, no nem\u00f4\u017eem im uprie\u0165, \u017ee nejak\u00e9 chyby sa na nich n\u00e1jdu. O\u00a0doty\u010dnej sle\u010dne sa mi ve\u013emi rozpr\u00e1va\u0165 ani nechce, preto\u017ee mi zni\u010dila p\u00e4\u0165 rokov m\u00f4jho \u017eivota. Teda pardon, zni\u010dil som si ho s\u00e1m. Nebudem si predsa protire\u010di\u0165. Rodi\u010dia chceli to, ona chcela hento a\u00a0to, \u010do som chcel ja, to nikoho nezauj\u00edmalo. Na konci som si uvedomil, \u017ee to vlastne prestalo zauj\u00edma\u0165 i\u00a0m\u0148a. \u017divotom som si tak nejako pl\u00e1val, robil \u010do chceli ostatn\u00ed a\u00a0seba prestal rie\u0161i\u0165.\u00a0Kedy nastal zlom? Ke\u010f som si uvedomil, \u017ee sa na ni\u010d nete\u0161\u00edm, nepam\u00e4tal som si, kedy som sa naposledy z\u00a0chuti zasmial a\u00a0vtedy, ke\u010f som si uvedomil, \u017ee mi vlastne u\u017e ani jedlo nech\u00fdba, lebo mus\u00edm najprv zariadi\u0165 v\u0161etko, \u010do po mne chc\u00fa statn\u00ed. Priatelia, ak ste sa v\u00a0mojom pr\u00edbehu na\u0161li, seknite s\u00a0t\u00fdm ihne\u010f teraz, dnes a\u00a0okam\u017eite. Ne\u010dakajte ani min\u00fatu. Nehovor\u00edm, \u017ee m\u00e1te by\u0165 k\u00a0ostatn\u00fdm \u013eahostajn\u00ed. Len nezab\u00fadajte aj na seba. Bez v\u00e1s, toti\u017e budete priania in\u00fdch, plni\u0165 len \u0165a\u017eko.                                                                                                                                                                                                                                                                                                                                                                                        4.8\/5 - (12 votes)        "},{"@context":"https:\/\/schema.org\/","@type":"BreadcrumbList","itemListElement":[{"@type":"ListItem","position":1,"name":"\u017divot si zaria\u010fte po\u013ea seba. Ve\u010f je v\u00e1\u0161","item":"https:\/\/www.adka.sk\/zivot-si-zariadte-pola-seba-ved-je-vas\/#breadcrumbitem"}]}]